{"id":755,"date":"2024-04-30T12:29:17","date_gmt":"2024-04-30T10:29:17","guid":{"rendered":"https:\/\/www.starten-bahn-west.de\/?p=755"},"modified":"2024-05-13T12:46:43","modified_gmt":"2024-05-13T10:46:43","slug":"mehr-schiene-wagen-zusammenfassung","status":"publish","type":"post","link":"https:\/\/www.starten-bahn-west.de\/?p=755","title":{"rendered":"&#8222;Mehr Busse f\u00fcr den Born&#8220; Zusammenfassung"},"content":{"rendered":"\n<p>Der Hamburger Verkehrssenator Anjes Tjarks war am 4. M\u00e4rz 2024 bei der Veranstaltung &#8222;Mehr Busse f\u00fcr den Born&#8220; erneut zu Gast im B\u00fcrgerhaus Bornheide. <\/p>\n\n\n\n<p>Das Stadteilmagazin Westwind hat in seiner <a href=\"https:\/\/westwind-hh.net\/wp-content\/uploads\/WW-2024-04.pdf\" data-type=\"link\" data-id=\"https:\/\/westwind-hh.net\/wp-content\/uploads\/WW-2024-04.pdf\" target=\"_blank\" rel=\"noreferrer noopener\">April-Ausgabe auf den Seiten 4 bis 7<\/a> ausf\u00fchrlich \u00fcber den Abend mit Anjes Tjarks berichtet.  Den Ausschnitt aus der Westwind-Ausgabe mit dem  Protokoll finden Sie auch <a href=\"http:\/\/www.starten-bahn-west.de\/wp-content\/uploads\/2024\/05\/WW-2024-04.pdf\" data-type=\"link\" data-id=\"http:\/\/www.starten-bahn-west.de\/wp-content\/uploads\/2024\/05\/WW-2024-04.pdf\" target=\"_blank\" rel=\"noreferrer noopener\">-&gt;hier<\/a>.<\/p>\n","protected":false},"excerpt":{"rendered":"<p>Der Hamburger Verkehrssenator Anjes Tjarks war am 4. M\u00e4rz 2024 bei der Veranstaltung &#8222;Mehr Busse f\u00fcr den Born&#8220; erneut zu Gast im B\u00fcrgerhaus Bornheide. Das Stadteilmagazin Westwind hat in seiner April-Ausgabe auf den Seiten 4 bis 7 ausf\u00fchrlich \u00fcber den Abend mit Anjes Tjarks berichtet. Den Ausschnitt aus der Westwind-Ausgabe mit dem Protokoll finden Sie &hellip; <a href=\"https:\/\/www.starten-bahn-west.de\/?p=755\" class=\"more-link\"><span class=\"screen-reader-text\">&#8222;Mehr Busse f\u00fcr den Born&#8220; Zusammenfassung<\/span> weiterlesen <span class=\"meta-nav\">&rarr;<\/span><\/a><\/p>\n","protected":false},"author":2,"featured_media":767,"comment_status":"closed","ping_status":"closed","sticky":false,"template":"","format":"standard","meta":{"footnotes":""},"categories":[1,4],"tags":[],"class_list":["post-755","post","type-post","status-publish","format-standard","has-post-thumbnail","hentry","category-aktuelles","category-veranstaltungen"],"_links":{"self":[{"href":"https:\/\/www.starten-bahn-west.de\/index.php?rest_route=\/wp\/v2\/posts\/755","targetHints":{"allow":["GET"]}}],"collection":[{"href":"https:\/\/www.starten-bahn-west.de\/index.php?rest_route=\/wp\/v2\/posts"}],"about":[{"href":"https:\/\/www.starten-bahn-west.de\/index.php?rest_route=\/wp\/v2\/types\/post"}],"author":[{"embeddable":true,"href":"https:\/\/www.starten-bahn-west.de\/index.php?rest_route=\/wp\/v2\/users\/2"}],"replies":[{"embeddable":true,"href":"https:\/\/www.starten-bahn-west.de\/index.php?rest_route=%2Fwp%2Fv2%2Fcomments&post=755"}],"version-history":[{"count":5,"href":"https:\/\/www.starten-bahn-west.de\/index.php?rest_route=\/wp\/v2\/posts\/755\/revisions"}],"predecessor-version":[{"id":766,"href":"https:\/\/www.starten-bahn-west.de\/index.php?rest_route=\/wp\/v2\/posts\/755\/revisions\/766"}],"wp:featuredmedia":[{"embeddable":true,"href":"https:\/\/www.starten-bahn-west.de\/index.php?rest_route=\/wp\/v2\/media\/767"}],"wp:attachment":[{"href":"https:\/\/www.starten-bahn-west.de\/index.php?rest_route=%2Fwp%2Fv2%2Fmedia&parent=755"}],"wp:term":[{"taxonomy":"category","embeddable":true,"href":"https:\/\/www.starten-bahn-west.de\/index.php?rest_route=%2Fwp%2Fv2%2Fcategories&post=755"},{"taxonomy":"post_tag","embeddable":true,"href":"https:\/\/www.starten-bahn-west.de\/index.php?rest_route=%2Fwp%2Fv2%2Ftags&post=755"}],"curies":[{"name":"wp","href":"https:\/\/api.w.org\/{rel}","templated":true}]}}